

{"id":9041,"count":6,"description":"<h1><b>Nez de Marche et Profil\u00e9s Antid\u00e9rapants Professionnels en GVK<\/b><\/h1>\r\n&nbsp;\r\n\r\nUne marche glissante ou peu visible est l'une des principales causes d'accidents du travail. Nos nez de marche et profil\u00e9s en GVK (polyester renforc\u00e9 de fibre de verre) sont sp\u00e9cialement con\u00e7us pour augmenter de mani\u00e8re significative la s\u00e9curit\u00e9 des escaliers, \u00e9chelles et plateformes. En \u00e9quipant une marche existante d'un profil\u00e9 GVK, vous augmentez sa visibilit\u00e9 et cr\u00e9ez une surface de marche extr\u00eamement antid\u00e9rapante, conforme aux normes de s\u00e9curit\u00e9 les plus strictes.\r\n\r\n&nbsp;\r\n\r\n&nbsp;\r\n\r\n&nbsp;\r\n<h2><b>Profil\u00e9s GVK : Adh\u00e9rence et Visibilit\u00e9 Maximales en Milieux Exigeants<\/b><\/h2>\r\n&nbsp;\r\n\r\nNos profil\u00e9s sont enti\u00e8rement fabriqu\u00e9s en GVK et con\u00e7us pour les conditions industrielles les plus difficiles. Les avantages sont clairs:\r\n\r\n&nbsp;\r\n<ul>\r\n \t<li><b>Valeur Antid\u00e9rapante Extr\u00eame (R13) :<\/b> La structure granulaire int\u00e9gr\u00e9e offre la meilleure adh\u00e9rence possible, m\u00eame au contact de l'huile, de l'eau, de produits chimiques ou de la glace.<\/li>\r\n<\/ul>\r\n&nbsp;\r\n<ul>\r\n \t<li><b>Haute Visibilit\u00e9 :<\/b> La couleur jaune standard assure un marquage clair du bord de la marche, ce qui est crucial dans les zones moins \u00e9clair\u00e9es.<\/li>\r\n<\/ul>\r\n&nbsp;\r\n<ul>\r\n \t<li><b>R\u00e9sistance Chimique &amp; Anticorrosion :<\/b> Le GVK est insensible \u00e0 la plupart des produits chimiques et ne rouille pas. C'est le choix parfait pour la (p\u00e9tro)chimie, le secteur alimentaire, l'offshore et les applications ext\u00e9rieures.<\/li>\r\n<\/ul>\r\n&nbsp;\r\n<ul>\r\n \t<li><b>Montage Simple :<\/b> Les profil\u00e9s peuvent \u00eatre install\u00e9s rapidement et durablement en les <b>collant<\/b> sur le support, ou fix\u00e9s m\u00e9caniquement en les <b>per\u00e7ant et en les vissant<\/b>.<\/li>\r\n<\/ul>\r\n&nbsp;\r\n\r\n&nbsp;\r\n\r\n&nbsp;\r\n<h2><b>Bandes Antid\u00e9rapantes Autocollantes : Rapides et Efficaces<\/b><\/h2>\r\n&nbsp;\r\n\r\nPour une mise \u00e0 niveau rapide et efficace des escaliers, plateformes ou rampes \u00e0 usage moins intensif sur une surface lisse et propre, nos bandes antid\u00e9rapantes collantes sont une excellente solution pour une am\u00e9lioration imm\u00e9diate de l'adh\u00e9rence.\r\n\r\n&nbsp;\r\n\r\n&nbsp;\r\n\r\n&nbsp;\r\n<h2><b>Applications pour une S\u00e9curit\u00e9 Maximale au Travail<\/b><\/h2>\r\n&nbsp;\r\n\r\nNos solutions antid\u00e9rapantes sont essentielles pour s\u00e9curiser :\r\n\r\n&nbsp;\r\n<ul>\r\n \t<li><b>Les escaliers industriels (acier, b\u00e9ton, bois)<\/b><\/li>\r\n<\/ul>\r\n&nbsp;\r\n<ul>\r\n \t<li><b>Les escaliers de secours et issues de secours<\/b><\/li>\r\n<\/ul>\r\n&nbsp;\r\n<ul>\r\n \t<li><b>Les marches d'acc\u00e8s aux machines et les plateformes de maintenance<\/b><\/li>\r\n<\/ul>\r\n&nbsp;\r\n<ul>\r\n \t<li><b>Les passerelles, quais de chargement et coursives glissantes<\/b><\/li>\r\n<\/ul>\r\n&nbsp;\r\n\r\n&nbsp;\r\n\r\n&nbsp;\r\n<h2><b>Conseil pour Votre Projet de S\u00e9curit\u00e9<\/b><\/h2>\r\n&nbsp;\r\n\r\nLe choix du bon profil\u00e9 et de la m\u00e9thode de fixation ad\u00e9quate est crucial pour un r\u00e9sultat durable et s\u00fbr. L'\u00e9quipe d'Alucomfort est \u00e0 votre disposition pour vous conseiller sur la meilleure solution pour votre surface et votre application sp\u00e9cifiques. <b>Contactez-nous pour un conseil technique ou un devis sur mesure.<\/b>","link":"https:\/\/www.alucomfort.be\/fr\/product-categorie\/escaliers\/nez-de-marche-antiderapant\/","name":"Nez de marche antid\u00e9rapant","slug":"nez-de-marche-antiderapant","taxonomy":"product_cat","parent":2092,"meta":[],"acf":[],"yoast_head":"<!-- This site is optimized with the Yoast SEO plugin v24.8.1 - https:\/\/yoast.com\/wordpress\/plugins\/seo\/ -->\n<title>Nez de Marche &amp; Bandes Antid\u00e9rapants | Alu Comfort | S\u00e9curit\u00e9 Industrielle<\/title>\n<meta name=\"description\" content=\"Nez de marche et profil\u00e9s professionnels en GVK (PRV). Adh\u00e9rence maximale (R13) et visibilit\u00e9 pour escaliers industriels. Simples \u00e0 coller ou \u00e0 visser.\" \/>\n<meta name=\"robots\" content=\"index, follow, max-snippet:-1, max-image-preview:large, max-video-preview:-1\" \/>\n<link rel=\"canonical\" href=\"https:\/\/www.alucomfort.be\/fr\/product-categorie\/escaliers\/nez-de-marche-antiderapant\/\" \/>\n<meta property=\"og:locale\" content=\"fr_FR\" \/>\n<meta property=\"og:type\" content=\"article\" \/>\n<meta property=\"og:title\" content=\"Nez de Marche &amp; Bandes Antid\u00e9rapants | Alu Comfort | S\u00e9curit\u00e9 Industrielle\" \/>\n<meta property=\"og:description\" content=\"Nez de marche et profil\u00e9s professionnels en GVK (PRV). Adh\u00e9rence maximale (R13) et visibilit\u00e9 pour escaliers industriels. Simples \u00e0 coller ou \u00e0 visser.\" \/>\n<meta property=\"og:url\" content=\"https:\/\/www.alucomfort.be\/fr\/product-categorie\/escaliers\/nez-de-marche-antiderapant\/\" \/>\n<meta property=\"og:site_name\" content=\"Alu Comfort\" \/>\n<meta name=\"twitter:card\" content=\"summary_large_image\" \/>\n<script type=\"application\/ld+json\" class=\"yoast-schema-graph\">{\"@context\":\"https:\/\/schema.org\",\"@graph\":[{\"@type\":\"CollectionPage\",\"@id\":\"https:\/\/www.alucomfort.be\/fr\/product-categorie\/escaliers\/nez-de-marche-antiderapant\/\",\"url\":\"https:\/\/www.alucomfort.be\/fr\/product-categorie\/escaliers\/nez-de-marche-antiderapant\/\",\"name\":\"Nez de Marche & Bandes Antid\u00e9rapants | Alu Comfort | S\u00e9curit\u00e9 Industrielle\",\"isPartOf\":{\"@id\":\"https:\/\/www.alucomfort.be\/#website\"},\"description\":\"Nez de marche et profil\u00e9s professionnels en GVK (PRV). Adh\u00e9rence maximale (R13) et visibilit\u00e9 pour escaliers industriels. Simples \u00e0 coller ou \u00e0 visser.\",\"breadcrumb\":{\"@id\":\"https:\/\/www.alucomfort.be\/fr\/product-categorie\/escaliers\/nez-de-marche-antiderapant\/#breadcrumb\"},\"inLanguage\":\"fr-FR\"},{\"@type\":\"BreadcrumbList\",\"@id\":\"https:\/\/www.alucomfort.be\/fr\/product-categorie\/escaliers\/nez-de-marche-antiderapant\/#breadcrumb\",\"itemListElement\":[{\"@type\":\"ListItem\",\"position\":1,\"name\":\"Home\",\"item\":\"https:\/\/www.alucomfort.be\/fr\/\"},{\"@type\":\"ListItem\",\"position\":2,\"name\":\"Escaliers\",\"item\":\"https:\/\/www.alucomfort.be\/fr\/product-categorie\/escaliers\/\"},{\"@type\":\"ListItem\",\"position\":3,\"name\":\"Nez de marche antid\u00e9rapant\"}]},{\"@type\":\"WebSite\",\"@id\":\"https:\/\/www.alucomfort.be\/#website\",\"url\":\"https:\/\/www.alucomfort.be\/\",\"name\":\"Alu Comfort\",\"description\":\"\",\"potentialAction\":[{\"@type\":\"SearchAction\",\"target\":{\"@type\":\"EntryPoint\",\"urlTemplate\":\"https:\/\/www.alucomfort.be\/?s={search_term_string}\"},\"query-input\":{\"@type\":\"PropertyValueSpecification\",\"valueRequired\":true,\"valueName\":\"search_term_string\"}}],\"inLanguage\":\"fr-FR\"}]}<\/script>\n<!-- \/ Yoast SEO plugin. -->","yoast_head_json":{"title":"Nez de Marche & Bandes Antid\u00e9rapants | Alu Comfort | S\u00e9curit\u00e9 Industrielle","description":"Nez de marche et profil\u00e9s professionnels en GVK (PRV). Adh\u00e9rence maximale (R13) et visibilit\u00e9 pour escaliers industriels. Simples \u00e0 coller ou \u00e0 visser.","robots":{"index":"index","follow":"follow","max-snippet":"max-snippet:-1","max-image-preview":"max-image-preview:large","max-video-preview":"max-video-preview:-1"},"canonical":"https:\/\/www.alucomfort.be\/fr\/product-categorie\/escaliers\/nez-de-marche-antiderapant\/","og_locale":"fr_FR","og_type":"article","og_title":"Nez de Marche & Bandes Antid\u00e9rapants | Alu Comfort | S\u00e9curit\u00e9 Industrielle","og_description":"Nez de marche et profil\u00e9s professionnels en GVK (PRV). Adh\u00e9rence maximale (R13) et visibilit\u00e9 pour escaliers industriels. Simples \u00e0 coller ou \u00e0 visser.","og_url":"https:\/\/www.alucomfort.be\/fr\/product-categorie\/escaliers\/nez-de-marche-antiderapant\/","og_site_name":"Alu Comfort","twitter_card":"summary_large_image","schema":{"@context":"https:\/\/schema.org","@graph":[{"@type":"CollectionPage","@id":"https:\/\/www.alucomfort.be\/fr\/product-categorie\/escaliers\/nez-de-marche-antiderapant\/","url":"https:\/\/www.alucomfort.be\/fr\/product-categorie\/escaliers\/nez-de-marche-antiderapant\/","name":"Nez de Marche & Bandes Antid\u00e9rapants | Alu Comfort | S\u00e9curit\u00e9 Industrielle","isPartOf":{"@id":"https:\/\/www.alucomfort.be\/#website"},"description":"Nez de marche et profil\u00e9s professionnels en GVK (PRV). Adh\u00e9rence maximale (R13) et visibilit\u00e9 pour escaliers industriels. Simples \u00e0 coller ou \u00e0 visser.","breadcrumb":{"@id":"https:\/\/www.alucomfort.be\/fr\/product-categorie\/escaliers\/nez-de-marche-antiderapant\/#breadcrumb"},"inLanguage":"fr-FR"},{"@type":"BreadcrumbList","@id":"https:\/\/www.alucomfort.be\/fr\/product-categorie\/escaliers\/nez-de-marche-antiderapant\/#breadcrumb","itemListElement":[{"@type":"ListItem","position":1,"name":"Home","item":"https:\/\/www.alucomfort.be\/fr\/"},{"@type":"ListItem","position":2,"name":"Escaliers","item":"https:\/\/www.alucomfort.be\/fr\/product-categorie\/escaliers\/"},{"@type":"ListItem","position":3,"name":"Nez de marche antid\u00e9rapant"}]},{"@type":"WebSite","@id":"https:\/\/www.alucomfort.be\/#website","url":"https:\/\/www.alucomfort.be\/","name":"Alu Comfort","description":"","potentialAction":[{"@type":"SearchAction","target":{"@type":"EntryPoint","urlTemplate":"https:\/\/www.alucomfort.be\/?s={search_term_string}"},"query-input":{"@type":"PropertyValueSpecification","valueRequired":true,"valueName":"search_term_string"}}],"inLanguage":"fr-FR"}]}},"_links":{"self":[{"href":"https:\/\/www.alucomfort.be\/fr\/wp-json\/wp\/v2\/product_cat\/9041","targetHints":{"allow":["GET"]}}],"collection":[{"href":"https:\/\/www.alucomfort.be\/fr\/wp-json\/wp\/v2\/product_cat"}],"about":[{"href":"https:\/\/www.alucomfort.be\/fr\/wp-json\/wp\/v2\/taxonomies\/product_cat"}],"up":[{"embeddable":true,"href":"https:\/\/www.alucomfort.be\/fr\/wp-json\/wp\/v2\/product_cat\/2092"}],"wp:post_type":[{"href":"https:\/\/www.alucomfort.be\/fr\/wp-json\/wp\/v2\/product?product_cat=9041"}],"curies":[{"name":"wp","href":"https:\/\/api.w.org\/{rel}","templated":true}]}}